{"id":219,"date":"2022-06-09T21:53:11","date_gmt":"2022-06-09T21:53:11","guid":{"rendered":"https:\/\/elfacturador.mx\/blog\/?p=219"},"modified":"2022-06-27T21:31:38","modified_gmt":"2022-06-27T21:31:38","slug":"sat-da-prorroga","status":"publish","type":"post","link":"https:\/\/elfacturador.mx\/blog\/index.php\/2022\/06\/09\/sat-da-prorroga\/","title":{"rendered":"\u00a1SAT DA PRORROGA! EL USO OBLIGATORIO DE CFDI 4.0 SE RETRASA."},"content":{"rendered":"\n<p class=\"has-drop-cap\">El <strong><mark style=\"background-color:rgba(0, 0, 0, 0)\" class=\"has-inline-color has-vivid-purple-color\">Servicio de Administraci\u00f3n Tributaria<\/mark><\/strong> (SAT) dio la noticia este pasado <strong><mark style=\"background-color:rgba(0, 0, 0, 0)\" class=\"has-inline-color has-vivid-purple-color\">08 de junio de 2022<\/mark><\/strong> que se <strong><mark style=\"background-color:rgba(0, 0, 0, 0)\" class=\"has-inline-color has-vivid-purple-color\">pospone<\/mark><\/strong> la entrada en vigor obligatoria de la nueva forma de facturaci\u00f3n electr\u00f3nica de la<mark style=\"background-color:rgba(0, 0, 0, 0)\" class=\"has-inline-color has-vivid-purple-color\"><strong> versi\u00f3n 4.0.<\/strong><\/mark> Se supon\u00eda que estos cambios se deber\u00edan de efectuar de manera obligatoria el pr\u00f3ximo 01 de julio de 2022.<\/p>\n\n\n\n<p>El motivo principal del SAT por haber concedido una nueva prorroga es para que los contribuyentes tengan mayor <strong><mark style=\"background-color:rgba(0, 0, 0, 0)\" class=\"has-inline-color has-vivid-purple-color\">facilidad para cumplir con sus obligaciones fiscales<\/mark><\/strong>. Sabiendo esto, se informa que la versi\u00f3n CFDI 4.0 ser\u00e1 de manera <strong><mark style=\"background-color:rgba(0, 0, 0, 0)\" class=\"has-inline-color has-vivid-purple-color\">obligatoria<\/mark><\/strong> a partir del <strong><mark style=\"background-color:rgba(0, 0, 0, 0)\" class=\"has-inline-color has-vivid-purple-color\">01 de enero de 2023<\/mark><\/strong>.<\/p>\n\n\n\n<p>De todas formas dijo tambi\u00e9n que aquellos contribuyentes que ya efect\u00faan este tipo de facturaci\u00f3n sigan continuando con su uso para que se vayan familiarizando con la nueva versi\u00f3n. As\u00ed mismo invito a que en lo que resta el 2022 los que aun no la utilicen lo vayan haciendo de <strong><mark style=\"background-color:rgba(0, 0, 0, 0)\" class=\"has-inline-color has-vivid-purple-color\">manera transitoria<\/mark><\/strong> para que no haya prisas antes de que termine el dicho a\u00f1o.<\/p>\n\n\n\n<div class=\"wp-block-image\"><figure class=\"aligncenter size-full is-resized\"><img loading=\"lazy\" src=\"https:\/\/elfacturador.mx\/blog\/wp-content\/uploads\/2022\/06\/img.-14.jpg\" alt=\"\" class=\"wp-image-220\" width=\"644\" height=\"323\" srcset=\"https:\/\/elfacturador.mx\/blog\/wp-content\/uploads\/2022\/06\/img.-14.jpg 600w, https:\/\/elfacturador.mx\/blog\/wp-content\/uploads\/2022\/06\/img.-14-300x151.jpg 300w\" sizes=\"(max-width: 644px) 100vw, 644px\" \/><\/figure><\/div>\n\n\n\n<p>El SAT record\u00f3 que es importante que el contribuyente conozca y <strong><mark style=\"background-color:rgba(0, 0, 0, 0)\" class=\"has-inline-color has-vivid-purple-color\">mantenga actualizada<\/mark><\/strong> en todo momento su <strong><mark style=\"background-color:rgba(0, 0, 0, 0)\" class=\"has-inline-color has-vivid-purple-color\">informaci\u00f3n fiscal<\/mark><\/strong> contenida en la <strong><mark style=\"background-color:rgba(0, 0, 0, 0)\" class=\"has-inline-color has-vivid-purple-color\">Constancia de Situaci\u00f3n Fiscal<\/mark><\/strong>, la cual es como su acta de nacimiento, ya que contiene datos de identificaci\u00f3n, ubicaci\u00f3n y obligaciones fiscales, tales como:<\/p>\n\n\n\n<ul><li>Registro Federal de Contribuyentes (RFC).<\/li><li>Nombre o Raz\u00f3n Social.<\/li><li>C\u00f3digo postal del domicilio fiscal.<\/li><li>R\u00e9gimen fiscal.<\/li><\/ul>\n\n\n\n<p>Aunque si conoces todos estos datos no es necesario entregar la Constancia a su empleador o emisor de factura.<\/p>\n\n\n\n<p>Hay empresas que est\u00e1n <strong><mark style=\"background-color:rgba(0, 0, 0, 0)\" class=\"has-inline-color has-vivid-purple-color\">amenazando<\/mark><\/strong> o advirtiendo que si sus empleados no otorgan la Constancia en el tiempo que les piden les van a <strong><mark style=\"background-color:rgba(0, 0, 0, 0)\" class=\"has-inline-color has-vivid-purple-color\">retener su n\u00f3mina<\/mark><\/strong> o <strong><mark style=\"background-color:rgba(0, 0, 0, 0)\" class=\"has-inline-color has-vivid-purple-color\">los despedir\u00e1n<\/mark><\/strong>, <strong>\u00a1AGUAS!<\/strong> esto no es legal, el SAT destaco que la emisi\u00f3n de factura de n\u00f3mina es <strong><mark style=\"background-color:rgba(0, 0, 0, 0)\" class=\"has-inline-color has-vivid-purple-color\">independiente<\/mark><\/strong> a las obligaciones laborales. <\/p>\n\n\n\n<p>Si quieres conocer los cambios en el CFDI, te invito a que visites nuestro post<strong><a href=\"https:\/\/elfacturador.mx\/blog\/index.php\/2022\/05\/20\/hola-mundo\/\" target=\"_blank\" rel=\"noreferrer noopener\" title=\" &quot;Cambios en el CFDI 4.0&quot;\"> <mark style=\"background-color:rgba(0, 0, 0, 0)\" class=\"has-inline-color has-vivid-purple-color\">\"Cambios en el CFDI 4.0\"<\/mark><\/a><\/strong>.<\/p>\n\n\n\n<p><strong>As\u00ed que rel\u00e1jate un poco pero que no te ganen las prisas.<\/strong><\/p>\n","protected":false},"excerpt":{"rendered":"<p>El Servicio de Administraci\u00f3n Tributaria (SAT) dio la noticia este pasado 08 de junio de 2022 que se pospone la entrada en vigor obligatoria de la nueva forma de facturaci\u00f3n electr\u00f3nica de la versi\u00f3n 4.0. Se supon\u00eda que estos cambios se deber\u00edan de efectuar de manera obligatoria el pr\u00f3ximo 01 de julio de 2022. El [&hellip;]<\/p>\n","protected":false},"author":1,"featured_media":220,"comment_status":"open","ping_status":"open","sticky":false,"template":"","format":"standard","meta":{"om_disable_all_campaigns":false,"_monsterinsights_skip_tracking":false,"_monsterinsights_sitenote_active":false,"_monsterinsights_sitenote_note":"","_monsterinsights_sitenote_category":0},"categories":[10],"tags":[],"_links":{"self":[{"href":"https:\/\/elfacturador.mx\/blog\/index.php\/wp-json\/wp\/v2\/posts\/219"}],"collection":[{"href":"https:\/\/elfacturador.mx\/blog\/index.php\/wp-json\/wp\/v2\/posts"}],"about":[{"href":"https:\/\/elfacturador.mx\/blog\/index.php\/wp-json\/wp\/v2\/types\/post"}],"author":[{"embeddable":true,"href":"https:\/\/elfacturador.mx\/blog\/index.php\/wp-json\/wp\/v2\/users\/1"}],"replies":[{"embeddable":true,"href":"https:\/\/elfacturador.mx\/blog\/index.php\/wp-json\/wp\/v2\/comments?post=219"}],"version-history":[{"count":4,"href":"https:\/\/elfacturador.mx\/blog\/index.php\/wp-json\/wp\/v2\/posts\/219\/revisions"}],"predecessor-version":[{"id":227,"href":"https:\/\/elfacturador.mx\/blog\/index.php\/wp-json\/wp\/v2\/posts\/219\/revisions\/227"}],"wp:featuredmedia":[{"embeddable":true,"href":"https:\/\/elfacturador.mx\/blog\/index.php\/wp-json\/wp\/v2\/media\/220"}],"wp:attachment":[{"href":"https:\/\/elfacturador.mx\/blog\/index.php\/wp-json\/wp\/v2\/media?parent=219"}],"wp:term":[{"taxonomy":"category","embeddable":true,"href":"https:\/\/elfacturador.mx\/blog\/index.php\/wp-json\/wp\/v2\/categories?post=219"},{"taxonomy":"post_tag","embeddable":true,"href":"https:\/\/elfacturador.mx\/blog\/index.php\/wp-json\/wp\/v2\/tags?post=219"}],"curies":[{"name":"wp","href":"https:\/\/api.w.org\/{rel}","templated":true}]}}