{"id":179,"date":"2022-06-01T19:52:59","date_gmt":"2022-06-01T19:52:59","guid":{"rendered":"https:\/\/elfacturador.mx\/blog\/?p=179"},"modified":"2022-06-01T19:59:30","modified_gmt":"2022-06-01T19:59:30","slug":"carta-porte-por-que-es-importante","status":"publish","type":"post","link":"https:\/\/elfacturador.mx\/blog\/index.php\/2022\/06\/01\/carta-porte-por-que-es-importante\/","title":{"rendered":"CARTA PORTE \u00bfPOR QU\u00c9 ES IMPORTANTE?"},"content":{"rendered":"\n<p class=\"has-drop-cap\">Para el <strong><mark style=\"background-color:rgba(0, 0, 0, 0)\" class=\"has-inline-color has-vivid-cyan-blue-color\">traslado de mercanc\u00edas<\/mark><\/strong> se debe generar una factura electr\u00f3nica con el <strong><mark style=\"background-color:rgba(0, 0, 0, 0)\" class=\"has-inline-color has-vivid-cyan-blue-color\">complemento de carta porte<\/mark><\/strong>, esto nos permite acreditar su <strong><mark style=\"background-color:rgba(0, 0, 0, 0)\" class=\"has-inline-color has-vivid-cyan-blue-color\">legal estancia<\/mark><\/strong> de las mercanc\u00edas durante su traslado, acompa\u00f1andolas con el archivo digital (<strong><a href=\"https:\/\/elfacturador.mx\/blog\/index.php\/2022\/05\/26\/xml-de-la-factura-que-contiene\/\" target=\"_blank\" rel=\"noreferrer noopener\">XML<\/a><\/strong>) o la representaci\u00f3n impresa (<strong>PDF<\/strong>). <\/p>\n\n\n\n<p>La informaci\u00f3n que debe llevar depende de la operaci\u00f3n que sea, el medio de transporte y el tipo de factura electr\u00f3nica. Nos brindan diferentes beneficios, los cuales son:<\/p>\n\n\n\n<ul><li>Nos permite <strong><mark style=\"background-color:rgba(0, 0, 0, 0)\" class=\"has-inline-color has-vivid-cyan-blue-color\">fortalecer<\/mark><\/strong> el <strong><mark style=\"background-color:rgba(0, 0, 0, 0)\" class=\"has-inline-color has-vivid-cyan-blue-color\">comercio formal<\/mark><\/strong>, <strong><mark style=\"background-color:rgba(0, 0, 0, 0)\" class=\"has-inline-color has-vivid-cyan-blue-color\">combatir<\/mark><\/strong> la informalidad y el <strong><mark style=\"background-color:rgba(0, 0, 0, 0)\" class=\"has-inline-color has-vivid-cyan-blue-color\">contrabando<\/mark><\/strong>.<\/li><li><strong><mark style=\"background-color:rgba(0, 0, 0, 0)\" class=\"has-inline-color has-vivid-cyan-blue-color\">Conocer<\/mark><\/strong> el origen y destino de las mercanc\u00edas, para las verificaciones las cuales nos permiten <strong><mark style=\"background-color:rgba(0, 0, 0, 0)\" class=\"has-inline-color has-vivid-cyan-blue-color\">anticipar<\/mark><\/strong> los riesgos o <strong><mark style=\"background-color:rgba(0, 0, 0, 0)\" class=\"has-inline-color has-vivid-cyan-blue-color\">amenazas<\/mark><\/strong> durante su <strong><mark style=\"background-color:rgba(0, 0, 0, 0)\" class=\"has-inline-color has-vivid-cyan-blue-color\">traslado<\/mark><\/strong>.<\/li><li><strong><mark style=\"background-color:rgba(0, 0, 0, 0)\" class=\"has-inline-color has-vivid-cyan-blue-color\">Identificar<\/mark><\/strong> las mercanc\u00edas para tener la certeza que se est\u00e1n transportando y siguiendo la ruta que debe de ser.<\/li><li>Establece <strong><mark style=\"background-color:rgba(0, 0, 0, 0)\" class=\"has-inline-color has-vivid-cyan-blue-color\">estrategias<\/mark><\/strong> que garanticen la <strong><mark style=\"background-color:rgba(0, 0, 0, 0)\" class=\"has-inline-color has-vivid-cyan-blue-color\">seguridad<\/mark><\/strong> del tr\u00e1nsito en <strong><mark style=\"background-color:rgba(0, 0, 0, 0)\" class=\"has-inline-color has-vivid-cyan-blue-color\">ruta<\/mark><\/strong> y contar con elementos que nos permitan verificar a las personas que participan en el traslado de mercanc\u00edas.<\/li><li>Brindar a las dependencias p\u00fablicas responsables de la vigilancia y control, los elementos para verificar las mercanc\u00edas y acreditar su legal estancia y\/o tenencia durante el traslado.<\/li><\/ul>\n\n\n\n<div class=\"wp-block-image\"><figure class=\"aligncenter size-full is-resized\"><img loading=\"lazy\" src=\"https:\/\/elfacturador.mx\/blog\/wp-content\/uploads\/2022\/06\/img8.jpg\" alt=\"\" class=\"wp-image-182\" width=\"595\" height=\"396\" srcset=\"https:\/\/elfacturador.mx\/blog\/wp-content\/uploads\/2022\/06\/img8.jpg 509w, https:\/\/elfacturador.mx\/blog\/wp-content\/uploads\/2022\/06\/img8-300x200.jpg 300w\" sizes=\"(max-width: 595px) 100vw, 595px\" \/><\/figure><\/div>\n\n\n\n<p>Este tipo de factura entr\u00f3 en <strong><mark style=\"background-color:rgba(0, 0, 0, 0)\" class=\"has-inline-color has-vivid-cyan-blue-color\">vigor<\/mark><\/strong> a partir del <strong><mark style=\"background-color:rgba(0, 0, 0, 0)\" class=\"has-inline-color has-vivid-cyan-blue-color\">01 de Enero de 2022<\/mark><\/strong>, aunque para que sea obligatorio su uso es a partir del <strong><mark style=\"background-color:rgba(0, 0, 0, 0)\" class=\"has-inline-color has-vivid-cyan-blue-color\">01 de octubre de 2022<\/mark><\/strong>, ya que el Sistema de Administraci\u00f3n Tributario (SAT) extiende el periodo de transici\u00f3n para emitir sin sanciones hasta el <strong><mark style=\"background-color:rgba(0, 0, 0, 0)\" class=\"has-inline-color has-vivid-cyan-blue-color\">30 de septiembre de 2022<\/mark><\/strong>.<\/p>\n\n\n\n<p>Alrededor de <strong><mark style=\"background-color:rgba(0, 0, 0, 0)\" class=\"has-inline-color has-vivid-cyan-blue-color\">57 mil contribuyentes<\/mark><\/strong> ya emiten utilizando este complemento, el SAT lleva un registro de quienes generan dicha carta. Puedes checar si tus proveedores se encuentran en dicha lista ingresando <strong><mark style=\"background-color:rgba(0, 0, 0, 0)\" class=\"has-inline-color has-vivid-cyan-blue-color\"><a href=\"http:\/\/omawww.sat.gob.mx\/cartaporte\/Paginas\/default.htm\" target=\"_blank\" rel=\"noreferrer noopener\">aqu\u00ed<\/a><\/mark><\/strong>.<\/p>\n\n\n\n<p><strong>As\u00ed que para amparar el traslado de mercanc\u00edas recuerda bien este complemento.<\/strong><\/p>\n","protected":false},"excerpt":{"rendered":"<p>Para el traslado de mercanc\u00edas se debe generar una factura electr\u00f3nica con el complemento de carta porte, esto nos permite acreditar su legal estancia de las mercanc\u00edas durante su traslado, acompa\u00f1andolas con el archivo digital (XML) o la representaci\u00f3n impresa (PDF). La informaci\u00f3n que debe llevar depende de la operaci\u00f3n que sea, el medio de [&hellip;]<\/p>\n","protected":false},"author":1,"featured_media":182,"comment_status":"open","ping_status":"open","sticky":false,"template":"","format":"standard","meta":{"om_disable_all_campaigns":false,"_monsterinsights_skip_tracking":false,"_monsterinsights_sitenote_active":false,"_monsterinsights_sitenote_note":"","_monsterinsights_sitenote_category":0},"categories":[6],"tags":[],"_links":{"self":[{"href":"https:\/\/elfacturador.mx\/blog\/index.php\/wp-json\/wp\/v2\/posts\/179"}],"collection":[{"href":"https:\/\/elfacturador.mx\/blog\/index.php\/wp-json\/wp\/v2\/posts"}],"about":[{"href":"https:\/\/elfacturador.mx\/blog\/index.php\/wp-json\/wp\/v2\/types\/post"}],"author":[{"embeddable":true,"href":"https:\/\/elfacturador.mx\/blog\/index.php\/wp-json\/wp\/v2\/users\/1"}],"replies":[{"embeddable":true,"href":"https:\/\/elfacturador.mx\/blog\/index.php\/wp-json\/wp\/v2\/comments?post=179"}],"version-history":[{"count":8,"href":"https:\/\/elfacturador.mx\/blog\/index.php\/wp-json\/wp\/v2\/posts\/179\/revisions"}],"predecessor-version":[{"id":190,"href":"https:\/\/elfacturador.mx\/blog\/index.php\/wp-json\/wp\/v2\/posts\/179\/revisions\/190"}],"wp:featuredmedia":[{"embeddable":true,"href":"https:\/\/elfacturador.mx\/blog\/index.php\/wp-json\/wp\/v2\/media\/182"}],"wp:attachment":[{"href":"https:\/\/elfacturador.mx\/blog\/index.php\/wp-json\/wp\/v2\/media?parent=179"}],"wp:term":[{"taxonomy":"category","embeddable":true,"href":"https:\/\/elfacturador.mx\/blog\/index.php\/wp-json\/wp\/v2\/categories?post=179"},{"taxonomy":"post_tag","embeddable":true,"href":"https:\/\/elfacturador.mx\/blog\/index.php\/wp-json\/wp\/v2\/tags?post=179"}],"curies":[{"name":"wp","href":"https:\/\/api.w.org\/{rel}","templated":true}]}}