{"id":166,"date":"2022-05-31T18:06:44","date_gmt":"2022-05-31T18:06:44","guid":{"rendered":"https:\/\/elfacturador.mx\/blog\/?p=166"},"modified":"2022-05-31T18:06:56","modified_gmt":"2022-05-31T18:06:56","slug":"factura-electronica-para-pymes","status":"publish","type":"post","link":"https:\/\/elfacturador.mx\/blog\/index.php\/2022\/05\/31\/factura-electronica-para-pymes\/","title":{"rendered":"FACTURA ELECTR\u00d3NICA PARA PYMES"},"content":{"rendered":"\n<p class=\"has-drop-cap\">La <strong><mark style=\"background-color:rgba(0, 0, 0, 0)\" class=\"has-inline-color has-vivid-purple-color\">Factura Electr\u00f3nica<\/mark><\/strong> es la \u00fanica forma establecida por el Servicio de Administraci\u00f3n Tributaria (SAT) a partir del <strong><mark style=\"background-color:rgba(0, 0, 0, 0)\" class=\"has-inline-color has-vivid-purple-color\">01 de enero de 2014<\/mark><\/strong> para generar facturas <strong><mark style=\"background-color:rgba(0, 0, 0, 0)\" class=\"has-inline-color has-vivid-purple-color\">v\u00e1lidas<\/mark><\/strong> en M\u00e9xico. No importa si eres micro, peque\u00f1a, mediana o gran empresa pero debes de <strong><mark style=\"background-color:rgba(0, 0, 0, 0)\" class=\"has-inline-color has-vivid-purple-color\">cumplir<\/mark><\/strong> con este requisito como contribuyente. Es uno de los principales retos ya sea por el desconocimiento de los procesos o por lo complejo que pueden llegar a ser alguno de estos.<\/p>\n\n\n\n<p>La Facturaci\u00f3n Electr\u00f3nica resulto <strong><mark style=\"background-color:rgba(0, 0, 0, 0)\" class=\"has-inline-color has-vivid-purple-color\">clave<\/mark><\/strong> en la nueva era de los <strong><mark style=\"background-color:rgba(0, 0, 0, 0)\" class=\"has-inline-color has-vivid-purple-color\">negocios digitales<\/mark><\/strong>, puede resultar dif\u00edcil si no se cuenta con una gu\u00eda indicada para su implementaci\u00f3n.<\/p>\n\n\n\n<figure class=\"wp-block-image alignfull size-full\"><img loading=\"lazy\" width=\"612\" height=\"408\" src=\"https:\/\/elfacturador.mx\/blog\/wp-content\/uploads\/2022\/05\/img7.jpg\" alt=\"\" class=\"wp-image-167\" srcset=\"https:\/\/elfacturador.mx\/blog\/wp-content\/uploads\/2022\/05\/img7.jpg 612w, https:\/\/elfacturador.mx\/blog\/wp-content\/uploads\/2022\/05\/img7-300x200.jpg 300w\" sizes=\"(max-width: 612px) 100vw, 612px\" \/><\/figure>\n\n\n\n<p>Si elegiste formalizar tu empresa debes de conocer dos t\u00e9rminos esenciales para la facturaci\u00f3n electr\u00f3nica, que significa <strong><mark style=\"background-color:rgba(0, 0, 0, 0)\" class=\"has-inline-color has-vivid-purple-color\">CFDI<\/mark><\/strong> y <mark style=\"background-color:rgba(0, 0, 0, 0)\" class=\"has-inline-color has-vivid-purple-color\"><strong>XML<\/strong><\/mark>.<\/p>\n\n\n\n<ul><li><strong>CFDI<\/strong>: como sus siglas lo dicen, es un Comprobante Fiscal Digital por Internet que utiliza est\u00e1ndares definidos por el SAT en que cada uno tiene un identificador \u00fanico para verificar su autenticidad y no se puede manipular o modificar.<\/li><li><strong>XML<\/strong>: es un archivo que almacena el detalle de un comprobante fiscal digital, para validar su legalidad el SAT define sus est\u00e1ndares que deben de incluir dentro del documento digital. Si quieres saber mas sobre el XML te invito a ver nuestro art\u00edculo <strong><a href=\"https:\/\/elfacturador.mx\/blog\/index.php\/2022\/05\/26\/xml-de-la-factura-que-contiene\/\" target=\"_blank\" rel=\"noreferrer noopener\">XML DE LA FACTURA. \u00bfQU\u00c9 CONTIENE?<\/a><\/strong><\/li><\/ul>\n\n\n\n<p>Esta forma de facturaci\u00f3n <strong><mark style=\"background-color:rgba(0, 0, 0, 0)\" class=\"has-inline-color has-vivid-purple-color\">permite<\/mark><\/strong> a las empresas llevar un mejor <strong><mark style=\"background-color:rgba(0, 0, 0, 0)\" class=\"has-inline-color has-vivid-purple-color\">control operativo<\/mark><\/strong>, es decir, en sus ventas y gastos. \u00a0Podr\u00e1n controlar sus ventas al contar con reportes de cu\u00e1nto cobran, cuanto gastan, cuanto se abona (pagos en parcialidades). Adem\u00e1s <strong><mark style=\"background-color:rgba(0, 0, 0, 0)\" class=\"has-inline-color has-vivid-purple-color\">evita<\/mark><\/strong> la actividad inusual de aquellos que <strong><mark style=\"background-color:rgba(0, 0, 0, 0)\" class=\"has-inline-color has-vivid-purple-color\">evaden impuestos<\/mark><\/strong> o declaran menos ingresos de los que reciben anualmente.<\/p>\n\n\n\n<p><strong><mark style=\"background-color:rgba(0, 0, 0, 0)\" class=\"has-inline-color has-vivid-purple-color\">Optimizaran<\/mark><\/strong> sus procesos llevando un <strong><mark style=\"background-color:rgba(0, 0, 0, 0)\" class=\"has-inline-color has-vivid-purple-color\">control de gastos<\/mark><\/strong>, <strong><mark style=\"background-color:rgba(0, 0, 0, 0)\" class=\"has-inline-color has-vivid-purple-color\">ingresos<\/mark><\/strong>, <strong><mark style=\"background-color:rgba(0, 0, 0, 0)\" class=\"has-inline-color has-vivid-purple-color\">inventarios<\/mark><\/strong> y actualizaran su forma de facturar con el uso de internet y de aplicaciones que <strong><mark style=\"background-color:rgba(0, 0, 0, 0)\" class=\"has-inline-color has-vivid-purple-color\">brindaran<\/mark><\/strong> mejor <strong><mark style=\"background-color:rgba(0, 0, 0, 0)\" class=\"has-inline-color has-vivid-purple-color\">confianza<\/mark><\/strong> y <strong><mark style=\"background-color:rgba(0, 0, 0, 0)\" class=\"has-inline-color has-vivid-purple-color\">seguridad<\/mark><\/strong>.<\/p>\n\n\n\n<p>Ahora que conoces un poco m\u00e1s de la facturaci\u00f3n electr\u00f3nica te invito a experimentarla ingresando <strong><mark style=\"background-color:rgba(0, 0, 0, 0)\" class=\"has-inline-color has-vivid-purple-color\"><a href=\"https:\/\/elfacturador.mx\/\" target=\"_blank\" rel=\"noreferrer noopener\">aqu\u00ed<\/a><\/mark><\/strong>. No lo dudes, ingresa y veras <strong>la forma inteligente y sencilla de crear facturas<\/strong>.<\/p>\n","protected":false},"excerpt":{"rendered":"<p>La Factura Electr\u00f3nica es la \u00fanica forma establecida por el Servicio de Administraci\u00f3n Tributaria (SAT) a partir del 01 de enero de 2014 para generar facturas v\u00e1lidas en M\u00e9xico. No importa si eres micro, peque\u00f1a, mediana o gran empresa pero debes de cumplir con este requisito como contribuyente. Es uno de los principales retos ya [&hellip;]<\/p>\n","protected":false},"author":1,"featured_media":167,"comment_status":"open","ping_status":"open","sticky":false,"template":"","format":"standard","meta":{"om_disable_all_campaigns":false,"_monsterinsights_skip_tracking":false,"_monsterinsights_sitenote_active":false,"_monsterinsights_sitenote_note":"","_monsterinsights_sitenote_category":0},"categories":[3],"tags":[],"_links":{"self":[{"href":"https:\/\/elfacturador.mx\/blog\/index.php\/wp-json\/wp\/v2\/posts\/166"}],"collection":[{"href":"https:\/\/elfacturador.mx\/blog\/index.php\/wp-json\/wp\/v2\/posts"}],"about":[{"href":"https:\/\/elfacturador.mx\/blog\/index.php\/wp-json\/wp\/v2\/types\/post"}],"author":[{"embeddable":true,"href":"https:\/\/elfacturador.mx\/blog\/index.php\/wp-json\/wp\/v2\/users\/1"}],"replies":[{"embeddable":true,"href":"https:\/\/elfacturador.mx\/blog\/index.php\/wp-json\/wp\/v2\/comments?post=166"}],"version-history":[{"count":3,"href":"https:\/\/elfacturador.mx\/blog\/index.php\/wp-json\/wp\/v2\/posts\/166\/revisions"}],"predecessor-version":[{"id":170,"href":"https:\/\/elfacturador.mx\/blog\/index.php\/wp-json\/wp\/v2\/posts\/166\/revisions\/170"}],"wp:featuredmedia":[{"embeddable":true,"href":"https:\/\/elfacturador.mx\/blog\/index.php\/wp-json\/wp\/v2\/media\/167"}],"wp:attachment":[{"href":"https:\/\/elfacturador.mx\/blog\/index.php\/wp-json\/wp\/v2\/media?parent=166"}],"wp:term":[{"taxonomy":"category","embeddable":true,"href":"https:\/\/elfacturador.mx\/blog\/index.php\/wp-json\/wp\/v2\/categories?post=166"},{"taxonomy":"post_tag","embeddable":true,"href":"https:\/\/elfacturador.mx\/blog\/index.php\/wp-json\/wp\/v2\/tags?post=166"}],"curies":[{"name":"wp","href":"https:\/\/api.w.org\/{rel}","templated":true}]}}