{"id":161,"date":"2022-05-30T18:04:47","date_gmt":"2022-05-30T18:04:47","guid":{"rendered":"https:\/\/elfacturador.mx\/blog\/?p=161"},"modified":"2022-05-30T18:06:51","modified_gmt":"2022-05-30T18:06:51","slug":"proceso-de-cancelacion-de-las-facturas","status":"publish","type":"post","link":"https:\/\/elfacturador.mx\/blog\/index.php\/2022\/05\/30\/proceso-de-cancelacion-de-las-facturas\/","title":{"rendered":"PROCESO DE CANCELACI\u00d3N DE LAS FACTURAS"},"content":{"rendered":"\n<p class=\"has-drop-cap\" id=\"E437\">Se estipulo un nuevo cambio para la <strong><mark style=\"background-color:rgba(0, 0, 0, 0)\" class=\"has-inline-color has-vivid-red-color\">cancelaci\u00f3n de facturas<\/mark><\/strong> ya que anteriormente primero se cancelaba y despu\u00e9s se emit\u00eda la factura nueva. Ahora, es todo lo contrario, <strong><mark style=\"background-color:rgba(0, 0, 0, 0)\" class=\"has-inline-color has-vivid-red-color\">primero se emitir\u00e1 la nueva<\/mark><\/strong> y <mark style=\"background-color:rgba(0, 0, 0, 0)\" class=\"has-inline-color has-vivid-red-color\"><strong>posteriormente se har\u00e1 la cancelaci\u00f3n<\/strong>.<\/mark> Los emisores deber\u00e1n enviar la solicitud de cancelaci\u00f3n de la factura a trav\u00e9s del Portal del SAT.<\/p>\n\n\n\n<p id=\"E439\">Se deber\u00e1 indicar los motivos de la cancelaci\u00f3n conforme a las siguientes claves:<\/p>\n\n\n\n<p id=\"E441\">\u201c01\u201d Son los comprobantes emitidos con errores <strong><mark style=\"background-color:rgba(0, 0, 0, 0)\" class=\"has-inline-color has-vivid-red-color\">con relaci\u00f3n<\/mark><\/strong>.<\/p>\n\n\n\n<p id=\"E443\">\u201c02\u201d Son los comprobantes emitidos con errores <strong><mark style=\"background-color:rgba(0, 0, 0, 0)\" class=\"has-inline-color has-vivid-red-color\">sin relaci\u00f3n<\/mark><\/strong>.<\/p>\n\n\n\n<p id=\"E445\">\u201c03\u201d No se llev\u00f3 a cabo la operaci\u00f3n.<\/p>\n\n\n\n<p id=\"E447\">\u201c04\u201d La operaci\u00f3n nominativa relacionada en una factura global.<\/p>\n\n\n\n<div class=\"wp-block-image\"><figure class=\"aligncenter size-full\"><img loading=\"lazy\" width=\"612\" height=\"407\" src=\"https:\/\/elfacturador.mx\/blog\/wp-content\/uploads\/2022\/05\/istockphoto-153742878-612x612-1.jpg\" alt=\"\" class=\"wp-image-162\" srcset=\"https:\/\/elfacturador.mx\/blog\/wp-content\/uploads\/2022\/05\/istockphoto-153742878-612x612-1.jpg 612w, https:\/\/elfacturador.mx\/blog\/wp-content\/uploads\/2022\/05\/istockphoto-153742878-612x612-1-300x200.jpg 300w\" sizes=\"(max-width: 612px) 100vw, 612px\" \/><\/figure><\/div>\n\n\n\n<p>Cuando se requiera la <strong><mark style=\"background-color:rgba(0, 0, 0, 0)\" class=\"has-inline-color has-vivid-red-color\">aceptaci\u00f3n para la cancelaci\u00f3n<\/mark><\/strong>, el receptor de la factura, recibir\u00e1 un mensaje de inter\u00e9s en su <strong>Buz\u00f3n Tributario<\/strong>, informando que existe una <strong><mark style=\"background-color:rgba(0, 0, 0, 0)\" class=\"has-inline-color has-vivid-red-color\">solicitud de cancelaci\u00f3n<\/mark><\/strong>.<\/p>\n\n\n\n<p>En caso de que la solicitud de cancelaci\u00f3n no requiere aceptaci\u00f3n por parte del receptor, la factura se cancelar\u00e1 de <strong><mark style=\"background-color:rgba(0, 0, 0, 0)\" class=\"has-inline-color has-vivid-red-color\">manera inmediata<\/mark><\/strong>.<\/p>\n\n\n\n<p id=\"E449\">Para la cancelaci\u00f3n, consulta el estado de la factura, la aceptaci\u00f3n o rechazo de la misma y la consulta de documentos relacionados, esto lo podr\u00e1s realizar a trav\u00e9s del <strong><mark style=\"background-color:rgba(0, 0, 0, 0)\" class=\"has-inline-color has-luminous-vivid-orange-color\"><a href=\"https:\/\/www.sat.gob.mx\/home\" target=\"_blank\" rel=\"noreferrer noopener\">Portal del SAT<\/a><\/mark><\/strong> o mediante los servicios de un proveedor de certificaci\u00f3n (PAC) el cual tiene la opci\u00f3n de realizar estas acciones de manera masiva.<\/p>\n\n\n\n<p><strong>Consejo:<\/strong> Antes de timbrar, verifica si los datos de la factura est\u00e1n correctos, evita las cancelaciones.<\/p>\n","protected":false},"excerpt":{"rendered":"<p>Se estipulo un nuevo cambio para la cancelaci\u00f3n de facturas ya que anteriormente primero se cancelaba y despu\u00e9s se emit\u00eda la factura nueva. Ahora, es todo lo contrario, primero se emitir\u00e1 la nueva y posteriormente se har\u00e1 la cancelaci\u00f3n. Los emisores deber\u00e1n enviar la solicitud de cancelaci\u00f3n de la factura a trav\u00e9s del Portal del [&hellip;]<\/p>\n","protected":false},"author":1,"featured_media":162,"comment_status":"open","ping_status":"open","sticky":false,"template":"","format":"standard","meta":{"om_disable_all_campaigns":false,"_monsterinsights_skip_tracking":false,"_monsterinsights_sitenote_active":false,"_monsterinsights_sitenote_note":"","_monsterinsights_sitenote_category":0},"categories":[3],"tags":[],"_links":{"self":[{"href":"https:\/\/elfacturador.mx\/blog\/index.php\/wp-json\/wp\/v2\/posts\/161"}],"collection":[{"href":"https:\/\/elfacturador.mx\/blog\/index.php\/wp-json\/wp\/v2\/posts"}],"about":[{"href":"https:\/\/elfacturador.mx\/blog\/index.php\/wp-json\/wp\/v2\/types\/post"}],"author":[{"embeddable":true,"href":"https:\/\/elfacturador.mx\/blog\/index.php\/wp-json\/wp\/v2\/users\/1"}],"replies":[{"embeddable":true,"href":"https:\/\/elfacturador.mx\/blog\/index.php\/wp-json\/wp\/v2\/comments?post=161"}],"version-history":[{"count":3,"href":"https:\/\/elfacturador.mx\/blog\/index.php\/wp-json\/wp\/v2\/posts\/161\/revisions"}],"predecessor-version":[{"id":165,"href":"https:\/\/elfacturador.mx\/blog\/index.php\/wp-json\/wp\/v2\/posts\/161\/revisions\/165"}],"wp:featuredmedia":[{"embeddable":true,"href":"https:\/\/elfacturador.mx\/blog\/index.php\/wp-json\/wp\/v2\/media\/162"}],"wp:attachment":[{"href":"https:\/\/elfacturador.mx\/blog\/index.php\/wp-json\/wp\/v2\/media?parent=161"}],"wp:term":[{"taxonomy":"category","embeddable":true,"href":"https:\/\/elfacturador.mx\/blog\/index.php\/wp-json\/wp\/v2\/categories?post=161"},{"taxonomy":"post_tag","embeddable":true,"href":"https:\/\/elfacturador.mx\/blog\/index.php\/wp-json\/wp\/v2\/tags?post=161"}],"curies":[{"name":"wp","href":"https:\/\/api.w.org\/{rel}","templated":true}]}}