{"id":1,"date":"2022-05-20T21:46:49","date_gmt":"2022-05-20T21:46:49","guid":{"rendered":"https:\/\/elfacturador.mx\/blog\/?p=1"},"modified":"2022-05-25T21:13:18","modified_gmt":"2022-05-25T21:13:18","slug":"hola-mundo","status":"publish","type":"post","link":"https:\/\/elfacturador.mx\/blog\/index.php\/2022\/05\/20\/hola-mundo\/","title":{"rendered":"CAMBIOS EN EL CFDI 4.0"},"content":{"rendered":"\n<p class=\"has-drop-cap\">A partir de la reforma al <strong><mark style=\"background-color:rgba(0, 0, 0, 0)\" class=\"has-inline-color has-vivid-purple-color\">C\u00f3digo Fiscal de la Federaci\u00f3n<\/mark><\/strong> (CFF) publicada el <strong><mark style=\"background-color:rgba(0, 0, 0, 0)\" class=\"has-inline-color has-vivid-purple-color\">12 de noviembre de 2021<\/mark><\/strong> se estipul\u00f3 que la <strong><mark style=\"background-color:rgba(0, 0, 0, 0)\" class=\"has-inline-color has-vivid-purple-color\">versi\u00f3n 3.3<\/mark><\/strong>, que se ven\u00eda manejando desde el <strong><mark style=\"background-color:rgba(0, 0, 0, 0)\" class=\"has-inline-color has-vivid-purple-color\">01 de julio de 2017<\/mark><\/strong> para la facturaci\u00f3n, dejar\u00e1 de funcionar y se genera una actualizaci\u00f3n a la versi\u00f3n 4.0 que entra en vigor a partir del <strong><mark style=\"background-color:rgba(0, 0, 0, 0)\" class=\"has-inline-color has-vivid-purple-color\">1 de enero del 2022<\/mark><\/strong> con vigencia del uso del 3.3 hasta el 30 de junio de 2022.<\/p>\n\n\n\n<p>Estos cambios, a partir del <strong><mark style=\"background-color:rgba(0, 0, 0, 0)\" class=\"has-inline-color has-vivid-purple-color\">01 de julio de 2022<\/mark><\/strong>, tienen que ser obligatorios ya que si no cumple con los requisitos estipulados esta ser\u00e1 inv\u00e1lida para las Declaraciones.<\/p>\n\n\n\n<figure class=\"wp-block-image size-full is-resized\"><img loading=\"lazy\" src=\"https:\/\/elfacturador.mx\/blog\/wp-content\/uploads\/2022\/05\/img1.jpg\" alt=\"\" class=\"wp-image-8\" width=\"609\" height=\"406\" srcset=\"https:\/\/elfacturador.mx\/blog\/wp-content\/uploads\/2022\/05\/img1.jpg 612w, https:\/\/elfacturador.mx\/blog\/wp-content\/uploads\/2022\/05\/img1-300x200.jpg 300w\" sizes=\"(max-width: 609px) 100vw, 609px\" \/><\/figure>\n\n\n\n<p>Entre los cambios m\u00e1s importantes se encuentran los siguientes:<\/p>\n\n\n\n<ul><li>Se deben especificar <strong><mark style=\"background-color:rgba(0, 0, 0, 0)\" class=\"has-inline-color has-vivid-purple-color\">R\u00e9gimen y Domicilio Fiscal<\/mark><\/strong> del Receptor<\/li><li>El Uso del CFDI viene <strong><mark style=\"background-color:rgba(0, 0, 0, 0)\" class=\"has-inline-color has-vivid-purple-color\">condicionado<\/mark><\/strong> por el R\u00e9gimen del Receptor<\/li><li>Se debe indicar si cada concepto es <strong><mark style=\"background-color:rgba(0, 0, 0, 0)\" class=\"has-inline-color has-vivid-purple-color\">Objeto de Impuesto<\/mark><\/strong><\/li><li>Los Documentos Relacionados de los Complementos de Pago deben <strong><mark style=\"background-color:rgba(0, 0, 0, 0)\" class=\"has-inline-color has-vivid-purple-color\">desglosar<\/mark><\/strong> los impuestos pagados<\/li><li>Se <strong><mark style=\"background-color:rgba(0, 0, 0, 0)\" class=\"has-inline-color has-vivid-purple-color\">elimina Por Definir<\/mark><\/strong> del cat\u00e1logo de Usos del CFDI<\/li><li>La razones sociales de emisor y receptor <strong><mark style=\"background-color:rgba(0, 0, 0, 0)\" class=\"has-inline-color has-vivid-purple-color\">NO deben incluir el R\u00e9gimen Capital<\/mark><\/strong> (SA de CV por ejemplo)<\/li><\/ul>\n\n\n\n<p>El Sistema de Administraci\u00f3n Tributario es muy claro as\u00ed que no te quedes atr\u00e1s y actual\u00edzate.<\/p>\n","protected":false},"excerpt":{"rendered":"<p>A partir de la reforma al C\u00f3digo Fiscal de la Federaci\u00f3n (CFF) publicada el 12 de noviembre de 2021 se estipul\u00f3 que la versi\u00f3n 3.3, que se ven\u00eda manejando desde el 01 de julio de 2017 para la facturaci\u00f3n, dejar\u00e1 de funcionar y se genera una actualizaci\u00f3n a la versi\u00f3n 4.0 que entra en vigor [&hellip;]<\/p>\n","protected":false},"author":1,"featured_media":8,"comment_status":"open","ping_status":"open","sticky":false,"template":"","format":"standard","meta":{"om_disable_all_campaigns":false,"_monsterinsights_skip_tracking":false,"_monsterinsights_sitenote_active":false,"_monsterinsights_sitenote_note":"","_monsterinsights_sitenote_category":0},"categories":[3],"tags":[],"_links":{"self":[{"href":"https:\/\/elfacturador.mx\/blog\/index.php\/wp-json\/wp\/v2\/posts\/1"}],"collection":[{"href":"https:\/\/elfacturador.mx\/blog\/index.php\/wp-json\/wp\/v2\/posts"}],"about":[{"href":"https:\/\/elfacturador.mx\/blog\/index.php\/wp-json\/wp\/v2\/types\/post"}],"author":[{"embeddable":true,"href":"https:\/\/elfacturador.mx\/blog\/index.php\/wp-json\/wp\/v2\/users\/1"}],"replies":[{"embeddable":true,"href":"https:\/\/elfacturador.mx\/blog\/index.php\/wp-json\/wp\/v2\/comments?post=1"}],"version-history":[{"count":4,"href":"https:\/\/elfacturador.mx\/blog\/index.php\/wp-json\/wp\/v2\/posts\/1\/revisions"}],"predecessor-version":[{"id":109,"href":"https:\/\/elfacturador.mx\/blog\/index.php\/wp-json\/wp\/v2\/posts\/1\/revisions\/109"}],"wp:featuredmedia":[{"embeddable":true,"href":"https:\/\/elfacturador.mx\/blog\/index.php\/wp-json\/wp\/v2\/media\/8"}],"wp:attachment":[{"href":"https:\/\/elfacturador.mx\/blog\/index.php\/wp-json\/wp\/v2\/media?parent=1"}],"wp:term":[{"taxonomy":"category","embeddable":true,"href":"https:\/\/elfacturador.mx\/blog\/index.php\/wp-json\/wp\/v2\/categories?post=1"},{"taxonomy":"post_tag","embeddable":true,"href":"https:\/\/elfacturador.mx\/blog\/index.php\/wp-json\/wp\/v2\/tags?post=1"}],"curies":[{"name":"wp","href":"https:\/\/api.w.org\/{rel}","templated":true}]}}